{"id":662,"date":"2024-05-23T12:02:54","date_gmt":"2024-05-23T10:02:54","guid":{"rendered":"https:\/\/ernst-reuter.org\/hanna-reuter\/?p=662"},"modified":"2024-06-13T16:27:32","modified_gmt":"2024-06-13T14:27:32","slug":"kapitel-3-exil-in-der-fremde-leben-in-der-tuerkei","status":"publish","type":"post","link":"https:\/\/ernst-reuter.org\/hanna-reuter\/kapitel-3-exil-in-der-fremde-leben-in-der-tuerkei\/","title":{"rendered":"Kapitel 3  Exil\u00a0 in der Fremde: Leben in der T\u00fcrkei"},"content":{"rendered":"\n<div class=\"wp-block-columns alignfull is-not-stacked-on-mobile is-layout-flex wp-container-core-columns-is-layout-9d6595d7 wp-block-columns-is-layout-flex\">\n<div class=\"wp-block-column is-layout-flow wp-block-column-is-layout-flow\" style=\"flex-basis:10%\">\n<figure class=\"wp-block-image alignfull size-large\"><a href=\"https:\/\/ernst-reuter.org\/hanna-reuter\/\"><img loading=\"lazy\" decoding=\"async\" width=\"407\" height=\"1024\" src=\"https:\/\/ernst-reuter.org\/hanna-reuter\/wp-content\/uploads\/2024\/05\/sidebar-new-407x1024.jpg\" alt=\"\" class=\"wp-image-91\" srcset=\"https:\/\/ernst-reuter.org\/hanna-reuter\/wp-content\/uploads\/2024\/05\/sidebar-new-407x1024.jpg 407w, https:\/\/ernst-reuter.org\/hanna-reuter\/wp-content\/uploads\/2024\/05\/sidebar-new-119x300.jpg 119w, https:\/\/ernst-reuter.org\/hanna-reuter\/wp-content\/uploads\/2024\/05\/sidebar-new.jpg 420w\" sizes=\"auto, (max-width: 407px) 100vw, 407px\" \/><\/a><\/figure>\n<\/div>\n\n\n\n<div class=\"wp-block-column is-layout-flow wp-block-column-is-layout-flow\" style=\"flex-basis:72%\">\n<div class=\"wp-block-columns is-layout-flex wp-container-core-columns-is-layout-9d6595d7 wp-block-columns-is-layout-flex\">\n<div class=\"wp-block-column is-layout-flow wp-block-column-is-layout-flow\" style=\"flex-basis:15%\"><\/div>\n\n\n\n<div class=\"wp-block-column is-vertically-aligned-top is-layout-flow wp-block-column-is-layout-flow\" style=\"flex-basis:85%\">\n<h1 class=\"wp-block-heading headingfondsmall has-large-font-size\">Kapitel 3 <br><\/h1>\n\n\n\n<h1 class=\"wp-block-heading headingfond\">Exil&nbsp;in der Fremde: Leben in der T\u00fcrkei<\/h1>\n\n\n\n<div style=\"height:20px\" aria-hidden=\"true\" class=\"wp-block-spacer\"><\/div>\n\n\n\n<p>Aufgrund der Sorge vor einer weiteren Verhaftung sah Ernst Reuter keinen anderen Ausweg mehr als die Flucht. Im Januar 1935 verlie\u00df er Deutschland, der Weg f\u00fchrte ihn zun\u00e4chst nach England. Hanna Reuter blieb vorerst zur\u00fcck und k\u00fcmmerte sich um die gemeinsame Familie. Ihr standen kaum finanzielle Mittel zur Verf\u00fcgung, und sie lebte in st\u00e4ndiger Ungewissheit \u00fcber das Schicksal ihres Mannes. Zwei Wochen nach seiner Abreise wurde sie von der Gestapo verh\u00f6rt, was die bedrohliche Situation noch einmal verdeutlichte.<\/p>\n\n\n\n<hr class=\"wp-block-separator has-alpha-channel-opacity\"\/>\n\n\n\n<h3 class=\"wp-block-heading has-text-align-left headingfond has-small-font-size\">&nbsp;&nbsp;weiterlesen&#8230;<\/h3>\n\n\n\n<div style=\"height:20px\" aria-hidden=\"true\" class=\"wp-block-spacer\"><\/div>\n\n\n\n<\/div>\n<\/div>\n<\/div>\n<\/div>\n","protected":false},"excerpt":{"rendered":"<p>Kapitel 3 Exil&nbsp;in der Fremde: Leben in der T\u00fcrkei Aufgrund der Sorge vor einer weiteren Verhaftung sah Ernst Reuter keinen anderen Ausweg mehr als die Flucht. Im Januar 1935 verlie\u00df er Deutschland, der Weg f\u00fchrte ihn zun\u00e4chst nach England. Hanna Reuter blieb vorerst zur\u00fcck und k\u00fcmmerte sich um die gemeinsame Familie. Ihr standen kaum finanzielle [&hellip;]<\/p>\n","protected":false},"author":1,"featured_media":0,"comment_status":"closed","ping_status":"closed","sticky":false,"template":"","format":"standard","meta":{"footnotes":""},"categories":[1],"tags":[],"class_list":["post-662","post","type-post","status-publish","format-standard","hentry","category-allgemein"],"_links":{"self":[{"href":"https:\/\/ernst-reuter.org\/hanna-reuter\/wp-json\/wp\/v2\/posts\/662","targetHints":{"allow":["GET"]}}],"collection":[{"href":"https:\/\/ernst-reuter.org\/hanna-reuter\/wp-json\/wp\/v2\/posts"}],"about":[{"href":"https:\/\/ernst-reuter.org\/hanna-reuter\/wp-json\/wp\/v2\/types\/post"}],"author":[{"embeddable":true,"href":"https:\/\/ernst-reuter.org\/hanna-reuter\/wp-json\/wp\/v2\/users\/1"}],"replies":[{"embeddable":true,"href":"https:\/\/ernst-reuter.org\/hanna-reuter\/wp-json\/wp\/v2\/comments?post=662"}],"version-history":[{"count":11,"href":"https:\/\/ernst-reuter.org\/hanna-reuter\/wp-json\/wp\/v2\/posts\/662\/revisions"}],"predecessor-version":[{"id":1642,"href":"https:\/\/ernst-reuter.org\/hanna-reuter\/wp-json\/wp\/v2\/posts\/662\/revisions\/1642"}],"wp:attachment":[{"href":"https:\/\/ernst-reuter.org\/hanna-reuter\/wp-json\/wp\/v2\/media?parent=662"}],"wp:term":[{"taxonomy":"category","embeddable":true,"href":"https:\/\/ernst-reuter.org\/hanna-reuter\/wp-json\/wp\/v2\/categories?post=662"},{"taxonomy":"post_tag","embeddable":true,"href":"https:\/\/ernst-reuter.org\/hanna-reuter\/wp-json\/wp\/v2\/tags?post=662"}],"curies":[{"name":"wp","href":"https:\/\/api.w.org\/{rel}","templated":true}]}}